{"id":17865,"date":"2026-04-27T07:20:48","date_gmt":"2026-04-27T05:20:48","guid":{"rendered":"https:\/\/ssg-kaarst.de\/?p=17865"},"modified":"2026-04-27T12:18:51","modified_gmt":"2026-04-27T10:18:51","slug":"vogelschiessen-der-scheiben-schuetzen-gesellschaft-kaarst-1962-e-v","status":"publish","type":"post","link":"https:\/\/ssg-kaarst.de\/index.php\/2026\/04\/27\/vogelschiessen-der-scheiben-schuetzen-gesellschaft-kaarst-1962-e-v\/","title":{"rendered":"K\u00f6nigsvogelschie\u00dfen 2026 der Scheiben-Sch\u00fctzen-Gesellschaft"},"content":{"rendered":"<p>Le Roi est mort, vive le roi! Dies ist das allj\u00e4hrliche Motto des Vogelschie\u00dfens der Scheiben Sch\u00fctzen Gesellschaft. Am 18.04.2026 trafen sich unsere Mitglieder nebst Frauen und Kindern am Hoferhof, um unsere neuen K\u00f6nige durch den Vogelschuss zu ermitteln.<\/p>\n<p>Trotz des eher bescheidenen Wetters an diesem Samstag, war das Schie\u00dfen gut besucht und der Verein konnte zudem viele G\u00e4ste am Hof begr\u00fc\u00dfen. Auf alle wartete auch direkt eine Kleinigkeit zu essen, damit alle gest\u00e4rkt ihre ersten Sch\u00fcsse auf die V\u00f6gel abgeben konnten.<\/p>\n<p>Trauriger H\u00f6hepunkt f\u00fcr die scheidenden Majest\u00e4ten war, wie jedes Jahr, die Abgabe der Insignien: das K\u00f6nigssilber. S\u00e4mtliches Ornat musste abgegeben und dem neuen K\u00f6nig zur Verf\u00fcgung gestellt werden. An dieser Stelle m\u00f6chten wir uns nochmal f\u00fcr das fantastische Jahr bei unserem Tellsch\u00fctzenk\u00f6nig Ben Breitenauer, unserem Jungsch\u00fctzenk\u00f6nig Philip Grella und nat\u00fcrlich bei S.M. Frank II. mit seinen Ministern Denis Willwater und Michael Gro\u00df bedanken. Es war ein wundervolles Jahr mit vielen H\u00f6hepunkten.<\/p>\n<p>Der erste Vogel des Tages war der Preisvogel, bei dem zuerst auf den linken, dann auf den rechten Fl\u00fcgel, anschlie\u00dfend auf den Schweif und als letzten Fender auf den Kopf geschossen wurde, bis zu guter Letzt noch der Rumpf fallen musste. F\u00fcr jeden Fender gab es einen netten Preis. Auf diesen Vogel durften sowohl alle Scheiben Sch\u00fctzen, als auch die G\u00e4ste schie\u00dfen.<\/p>\n<p>Nach diesem fr\u00f6hlichen \u201eEinschie\u00dfen\u201c, konnte nun mit dem spannenden Teil des Tages begonnen werden: der Ermittlung der neuen K\u00f6nige. Gestartet wurde mit dem Schie\u00dfen der Tellsch\u00fctzen auf dem Schie\u00dfstand im Innenbereich des Hofes und drau\u00dfen durften die Jungsch\u00fctzen auf den Vogel schie\u00dfen. Durch den Altersbedingten Wechsel von zwei Tellsch\u00fctzen zu den Jungsch\u00fctzen und einer Neuaufnahme von Jona Lohmann zu den \u201eTellis\u201c haben wir aktuell 4 Tellsch\u00fctzen in unseren Reihen. Am Schie\u00dfen selber entstand durch eine Absage daher ein Dreikampf, bestehend aus dem K\u00f6nig der letzten zwei Jahre Ben Breitenauer, seinem ehemaligen Minister Lukas Bannert und eben dem neuen \u201eTelli\u201c Jona Lohmann. Nach 56 Sch\u00fcssen stand schon unser neuer Tellsch\u00fctzenk\u00f6nig fest. In seinem nun dritten Jahr als Tellsch\u00fctze erringt Lukas Bannert die K\u00f6nigsw\u00fcrde und benennt seine beiden Freunde Ben Kleinert und Ben Breitenauer, der knapp an seiner Hattrick-K\u00f6nigsw\u00fcrde vorbeigeschrammt ist, zu seinen Ministern. Kurz darauf wurde dann Jona Lohmann als ihr neuer Zugf\u00fchrer ernannt.<\/p>\n<p>Bei den Jungsch\u00fctzen hatte sie auch wieder Mal ein spannendes Schie\u00dfen zugetragen. Und das gl\u00fccklicherer Ende hatte in diesem Jahr Maximilian Gro\u00df, der mit dem 132. Schuss den Vogel von der Stange holte. Mit ihm an seiner Seite stehen seine beiden Minister Marco Espeter und Lukas Steinhauer. Bei dieser au\u00dferordentlich starken Jungsch\u00fctzentruppe kann sich der Verein wieder auf ein wundervolles Sch\u00fctzenjahr freuen.<\/p>\n<p>Bevor nun der neue Gesellschaftsk\u00f6nig ermittelt wurde, gab es noch den Vogel um die W\u00fcrde des K\u00f6nig der K\u00f6nige. Zuerst durften die G\u00e4ste alleine auf die Fender schie\u00dfen und danach alle ehemaligen Scheibensch\u00fctzen K\u00f6nige auf den Rumpf. Dabei hat jeder Sch\u00fctze so viele Sch\u00fcsse, wie oft er die K\u00f6nigsw\u00fcrde in seiner Gesellschaftslaufbahn errungen hat. Und am Ende holte Florian Eysell den Vogel runter.<\/p>\n<p>Zu guter Letzt folgte das Schie\u00dfen um den neuen K\u00f6nig der Scheiben Sch\u00fctzen Gesellschaft. Wie es sich schon im Laufe des Tages abzeichnetet, fielen die V\u00f6gel in diesem Jahr deutlich schneller als in den vorherigen Jahr und so war unser neuer K\u00f6nig auch schon nach 79 Schuss ermittelt. Der Spannung tat dies jedoch keinen Abbruch, denn wir hatten eine Vierkampf zwischen Dirk Schweitzer, Marc Eberts, Sascha Hermanns und Patrick Fricke. Und am Ende fiel der Vogel bei dem Sch\u00fctzen, bei dem wir es schon gar nicht mehr f\u00fcr m\u00f6glich gehalten hatten, Marc Eberts. Er hatte in den letzten Jahren immer wieder vergeblich versucht die K\u00f6nigsw\u00fcrde zu erlangen, bis es in diesem Jahr endlich soweit sein sollte. Zun\u00e4chst schaute er ein wenig ungl\u00e4ubig, aber nur um sich anschlie\u00dfend umso ausgelassener mit seiner Frau und nun K\u00f6nigin Natascha und seinen zwei T\u00f6chtern zu freuen, sich das K\u00f6nigssilber f\u00fcr dieses Jahr gesichert zu haben. Seine Minister waren auch schnell gefunden, denn sie gelten nun schon fast als \u201eDauerminister\u201c in unseren Reihen, Andreas Grella und wie im letzten Jahr Michael Gro\u00df. &nbsp;<\/p>\n<p>W\u00e4hrend des ganzen Schie\u00dfen wurde sich nat\u00fcrlich auch um das leibliche Wohl gek\u00fcmmert. So gab es zun\u00e4chst f\u00fcr die Damen einen kleinen Sektempfang mit kleinen Kuchenh\u00e4ppchen oder man hat sich ab dem Nachmittag am Grillbuffet satt gegessen, um bis in die sp\u00e4ten Abendstunden unsere neuen Majest\u00e4ten zu feiern (und neu in diesem Jahr konnte dies unter unsere illuminierte Metallkrone neben des Schie\u00dfstandes geschehen) Hier nochmal ein gro\u00dfer Dank an unser Team Metallkrone, die sich in den letzten Wochen um das Projekt gek\u00fcmmert haben. Ich denke wir k\u00f6nnen nun sagen, wir haben ein neues <strong>High-Light<\/strong> am Hof.<\/p>\n<p>Insgesamt war es wieder ein sehr gelungener Tag und wir bedanken uns bei allen helfenden H\u00e4nden und vor allem bei unserem Team Vergn\u00fcgen, Tim Teuwssen und Sebastian Hausdorf samt Frauen, f\u00fcr die tolle Organisation des Tages und unsere starke Jungsch\u00fctzenabteilung f\u00fcr das bewirten und grillen.<\/p>\n<p>-Dominik Lohmann-<\/p>\n<p><img loading=\"lazy\" decoding=\"async\" class=\"alignnone size-medium wp-image-17866\" src=\"https:\/\/ssg-kaarst.de\/wp-content\/uploads\/2026\/04\/IMG-20260419-WA0077-300x200.jpg\" alt=\"\" width=\"300\" height=\"200\" srcset=\"https:\/\/ssg-kaarst.de\/wp-content\/uploads\/2026\/04\/IMG-20260419-WA0077-300x200.jpg 300w, https:\/\/ssg-kaarst.de\/wp-content\/uploads\/2026\/04\/IMG-20260419-WA0077-1024x683.jpg 1024w, https:\/\/ssg-kaarst.de\/wp-content\/uploads\/2026\/04\/IMG-20260419-WA0077-768x512.jpg 768w, https:\/\/ssg-kaarst.de\/wp-content\/uploads\/2026\/04\/IMG-20260419-WA0077-1536x1025.jpg 1536w, https:\/\/ssg-kaarst.de\/wp-content\/uploads\/2026\/04\/IMG-20260419-WA0077-630x420.jpg 630w, https:\/\/ssg-kaarst.de\/wp-content\/uploads\/2026\/04\/IMG-20260419-WA0077-696x464.jpg 696w, https:\/\/ssg-kaarst.de\/wp-content\/uploads\/2026\/04\/IMG-20260419-WA0077-1068x712.jpg 1068w, https:\/\/ssg-kaarst.de\/wp-content\/uploads\/2026\/04\/IMG-20260419-WA0077.jpg 2048w\" sizes=\"auto, (max-width: 300px) 100vw, 300px\" \/> <img loading=\"lazy\" decoding=\"async\" class=\"alignnone size-medium wp-image-17867\" src=\"https:\/\/ssg-kaarst.de\/wp-content\/uploads\/2026\/04\/IMG-20260419-WA0078-300x200.jpg\" alt=\"\" width=\"300\" height=\"200\" srcset=\"https:\/\/ssg-kaarst.de\/wp-content\/uploads\/2026\/04\/IMG-20260419-WA0078-300x200.jpg 300w, https:\/\/ssg-kaarst.de\/wp-content\/uploads\/2026\/04\/IMG-20260419-WA0078-1024x683.jpg 1024w, https:\/\/ssg-kaarst.de\/wp-content\/uploads\/2026\/04\/IMG-20260419-WA0078-768x512.jpg 768w, https:\/\/ssg-kaarst.de\/wp-content\/uploads\/2026\/04\/IMG-20260419-WA0078-1536x1025.jpg 1536w, https:\/\/ssg-kaarst.de\/wp-content\/uploads\/2026\/04\/IMG-20260419-WA0078-630x420.jpg 630w, https:\/\/ssg-kaarst.de\/wp-content\/uploads\/2026\/04\/IMG-20260419-WA0078-696x464.jpg 696w, https:\/\/ssg-kaarst.de\/wp-content\/uploads\/2026\/04\/IMG-20260419-WA0078-1068x712.jpg 1068w, https:\/\/ssg-kaarst.de\/wp-content\/uploads\/2026\/04\/IMG-20260419-WA0078.jpg 2048w\" sizes=\"auto, (max-width: 300px) 100vw, 300px\" \/> <img loading=\"lazy\" decoding=\"async\" class=\"alignnone size-medium wp-image-17868\" src=\"https:\/\/ssg-kaarst.de\/wp-content\/uploads\/2026\/04\/IMG-20260419-WA0080-300x200.jpg\" alt=\"\" width=\"300\" height=\"200\" srcset=\"https:\/\/ssg-kaarst.de\/wp-content\/uploads\/2026\/04\/IMG-20260419-WA0080-300x200.jpg 300w, https:\/\/ssg-kaarst.de\/wp-content\/uploads\/2026\/04\/IMG-20260419-WA0080-1024x683.jpg 1024w, https:\/\/ssg-kaarst.de\/wp-content\/uploads\/2026\/04\/IMG-20260419-WA0080-768x512.jpg 768w, https:\/\/ssg-kaarst.de\/wp-content\/uploads\/2026\/04\/IMG-20260419-WA0080-1536x1025.jpg 1536w, https:\/\/ssg-kaarst.de\/wp-content\/uploads\/2026\/04\/IMG-20260419-WA0080-630x420.jpg 630w, https:\/\/ssg-kaarst.de\/wp-content\/uploads\/2026\/04\/IMG-20260419-WA0080-696x464.jpg 696w, https:\/\/ssg-kaarst.de\/wp-content\/uploads\/2026\/04\/IMG-20260419-WA0080-1068x712.jpg 1068w, https:\/\/ssg-kaarst.de\/wp-content\/uploads\/2026\/04\/IMG-20260419-WA0080.jpg 2048w\" sizes=\"auto, (max-width: 300px) 100vw, 300px\" \/> <img loading=\"lazy\" decoding=\"async\" class=\"alignnone size-medium wp-image-17869\" src=\"https:\/\/ssg-kaarst.de\/wp-content\/uploads\/2026\/04\/IMG-20260419-WA0081-200x300.jpg\" alt=\"\" width=\"200\" height=\"300\" srcset=\"https:\/\/ssg-kaarst.de\/wp-content\/uploads\/2026\/04\/IMG-20260419-WA0081-200x300.jpg 200w, https:\/\/ssg-kaarst.de\/wp-content\/uploads\/2026\/04\/IMG-20260419-WA0081-683x1024.jpg 683w, https:\/\/ssg-kaarst.de\/wp-content\/uploads\/2026\/04\/IMG-20260419-WA0081-768x1151.jpg 768w, https:\/\/ssg-kaarst.de\/wp-content\/uploads\/2026\/04\/IMG-20260419-WA0081-1025x1536.jpg 1025w, https:\/\/ssg-kaarst.de\/wp-content\/uploads\/2026\/04\/IMG-20260419-WA0081-280x420.jpg 280w, https:\/\/ssg-kaarst.de\/wp-content\/uploads\/2026\/04\/IMG-20260419-WA0081-696x1043.jpg 696w, https:\/\/ssg-kaarst.de\/wp-content\/uploads\/2026\/04\/IMG-20260419-WA0081-1068x1601.jpg 1068w, https:\/\/ssg-kaarst.de\/wp-content\/uploads\/2026\/04\/IMG-20260419-WA0081.jpg 1366w\" sizes=\"auto, (max-width: 200px) 100vw, 200px\" \/> <img loading=\"lazy\" decoding=\"async\" class=\"alignnone size-medium wp-image-17870\" src=\"https:\/\/ssg-kaarst.de\/wp-content\/uploads\/2026\/04\/IMG-20260419-WA0084-300x225.jpg\" alt=\"\" width=\"300\" height=\"225\" srcset=\"https:\/\/ssg-kaarst.de\/wp-content\/uploads\/2026\/04\/IMG-20260419-WA0084-300x225.jpg 300w, https:\/\/ssg-kaarst.de\/wp-content\/uploads\/2026\/04\/IMG-20260419-WA0084-1024x768.jpg 1024w, https:\/\/ssg-kaarst.de\/wp-content\/uploads\/2026\/04\/IMG-20260419-WA0084-768x576.jpg 768w, https:\/\/ssg-kaarst.de\/wp-content\/uploads\/2026\/04\/IMG-20260419-WA0084-1536x1152.jpg 1536w, https:\/\/ssg-kaarst.de\/wp-content\/uploads\/2026\/04\/IMG-20260419-WA0084-560x420.jpg 560w, https:\/\/ssg-kaarst.de\/wp-content\/uploads\/2026\/04\/IMG-20260419-WA0084-80x60.jpg 80w, https:\/\/ssg-kaarst.de\/wp-content\/uploads\/2026\/04\/IMG-20260419-WA0084-696x522.jpg 696w, https:\/\/ssg-kaarst.de\/wp-content\/uploads\/2026\/04\/IMG-20260419-WA0084-1068x801.jpg 1068w, https:\/\/ssg-kaarst.de\/wp-content\/uploads\/2026\/04\/IMG-20260419-WA0084-265x198.jpg 265w, https:\/\/ssg-kaarst.de\/wp-content\/uploads\/2026\/04\/IMG-20260419-WA0084.jpg 2000w\" sizes=\"auto, (max-width: 300px) 100vw, 300px\" \/> <img loading=\"lazy\" decoding=\"async\" class=\"alignnone size-medium wp-image-17871\" src=\"https:\/\/ssg-kaarst.de\/wp-content\/uploads\/2026\/04\/IMG-20260419-WA0090-200x300.jpg\" alt=\"\" width=\"200\" height=\"300\" srcset=\"https:\/\/ssg-kaarst.de\/wp-content\/uploads\/2026\/04\/IMG-20260419-WA0090-200x300.jpg 200w, https:\/\/ssg-kaarst.de\/wp-content\/uploads\/2026\/04\/IMG-20260419-WA0090-683x1024.jpg 683w, https:\/\/ssg-kaarst.de\/wp-content\/uploads\/2026\/04\/IMG-20260419-WA0090-768x1151.jpg 768w, https:\/\/ssg-kaarst.de\/wp-content\/uploads\/2026\/04\/IMG-20260419-WA0090-1025x1536.jpg 1025w, https:\/\/ssg-kaarst.de\/wp-content\/uploads\/2026\/04\/IMG-20260419-WA0090-280x420.jpg 280w, https:\/\/ssg-kaarst.de\/wp-content\/uploads\/2026\/04\/IMG-20260419-WA0090-696x1043.jpg 696w, https:\/\/ssg-kaarst.de\/wp-content\/uploads\/2026\/04\/IMG-20260419-WA0090-1068x1601.jpg 1068w, https:\/\/ssg-kaarst.de\/wp-content\/uploads\/2026\/04\/IMG-20260419-WA0090.jpg 1366w\" sizes=\"auto, (max-width: 200px) 100vw, 200px\" \/> <img loading=\"lazy\" decoding=\"async\" class=\"alignnone size-medium wp-image-17872\" src=\"https:\/\/ssg-kaarst.de\/wp-content\/uploads\/2026\/04\/IMG-20260419-WA0097-300x200.jpg\" alt=\"\" width=\"300\" height=\"200\" srcset=\"https:\/\/ssg-kaarst.de\/wp-content\/uploads\/2026\/04\/IMG-20260419-WA0097-300x200.jpg 300w, https:\/\/ssg-kaarst.de\/wp-content\/uploads\/2026\/04\/IMG-20260419-WA0097-1024x683.jpg 1024w, https:\/\/ssg-kaarst.de\/wp-content\/uploads\/2026\/04\/IMG-20260419-WA0097-768x512.jpg 768w, https:\/\/ssg-kaarst.de\/wp-content\/uploads\/2026\/04\/IMG-20260419-WA0097-1536x1025.jpg 1536w, https:\/\/ssg-kaarst.de\/wp-content\/uploads\/2026\/04\/IMG-20260419-WA0097-630x420.jpg 630w, https:\/\/ssg-kaarst.de\/wp-content\/uploads\/2026\/04\/IMG-20260419-WA0097-696x464.jpg 696w, https:\/\/ssg-kaarst.de\/wp-content\/uploads\/2026\/04\/IMG-20260419-WA0097-1068x712.jpg 1068w, https:\/\/ssg-kaarst.de\/wp-content\/uploads\/2026\/04\/IMG-20260419-WA0097.jpg 2048w\" sizes=\"auto, (max-width: 300px) 100vw, 300px\" \/> <img loading=\"lazy\" decoding=\"async\" class=\"alignnone size-medium wp-image-17873\" src=\"https:\/\/ssg-kaarst.de\/wp-content\/uploads\/2026\/04\/IMG-20260419-WA0099-225x300.jpg\" alt=\"\" width=\"225\" height=\"300\" srcset=\"https:\/\/ssg-kaarst.de\/wp-content\/uploads\/2026\/04\/IMG-20260419-WA0099-225x300.jpg 225w, https:\/\/ssg-kaarst.de\/wp-content\/uploads\/2026\/04\/IMG-20260419-WA0099-768x1024.jpg 768w, https:\/\/ssg-kaarst.de\/wp-content\/uploads\/2026\/04\/IMG-20260419-WA0099-1152x1536.jpg 1152w, https:\/\/ssg-kaarst.de\/wp-content\/uploads\/2026\/04\/IMG-20260419-WA0099-315x420.jpg 315w, https:\/\/ssg-kaarst.de\/wp-content\/uploads\/2026\/04\/IMG-20260419-WA0099-696x928.jpg 696w, https:\/\/ssg-kaarst.de\/wp-content\/uploads\/2026\/04\/IMG-20260419-WA0099-1068x1424.jpg 1068w, https:\/\/ssg-kaarst.de\/wp-content\/uploads\/2026\/04\/IMG-20260419-WA0099.jpg 1500w\" sizes=\"auto, (max-width: 225px) 100vw, 225px\" \/> <img loading=\"lazy\" decoding=\"async\" class=\"alignnone size-medium wp-image-17874\" src=\"https:\/\/ssg-kaarst.de\/wp-content\/uploads\/2026\/04\/IMG-20260419-WA0100-300x200.jpg\" alt=\"\" width=\"300\" height=\"200\" srcset=\"https:\/\/ssg-kaarst.de\/wp-content\/uploads\/2026\/04\/IMG-20260419-WA0100-300x200.jpg 300w, https:\/\/ssg-kaarst.de\/wp-content\/uploads\/2026\/04\/IMG-20260419-WA0100-1024x683.jpg 1024w, https:\/\/ssg-kaarst.de\/wp-content\/uploads\/2026\/04\/IMG-20260419-WA0100-768x512.jpg 768w, https:\/\/ssg-kaarst.de\/wp-content\/uploads\/2026\/04\/IMG-20260419-WA0100-1536x1025.jpg 1536w, https:\/\/ssg-kaarst.de\/wp-content\/uploads\/2026\/04\/IMG-20260419-WA0100-630x420.jpg 630w, https:\/\/ssg-kaarst.de\/wp-content\/uploads\/2026\/04\/IMG-20260419-WA0100-696x464.jpg 696w, https:\/\/ssg-kaarst.de\/wp-content\/uploads\/2026\/04\/IMG-20260419-WA0100-1068x712.jpg 1068w, https:\/\/ssg-kaarst.de\/wp-content\/uploads\/2026\/04\/IMG-20260419-WA0100.jpg 2048w\" sizes=\"auto, (max-width: 300px) 100vw, 300px\" \/> <img loading=\"lazy\" decoding=\"async\" class=\"alignnone size-medium wp-image-17875\" src=\"https:\/\/ssg-kaarst.de\/wp-content\/uploads\/2026\/04\/IMG-20260419-WA0111-300x225.jpg\" alt=\"\" width=\"300\" height=\"225\" srcset=\"https:\/\/ssg-kaarst.de\/wp-content\/uploads\/2026\/04\/IMG-20260419-WA0111-300x225.jpg 300w, https:\/\/ssg-kaarst.de\/wp-content\/uploads\/2026\/04\/IMG-20260419-WA0111-1024x768.jpg 1024w, https:\/\/ssg-kaarst.de\/wp-content\/uploads\/2026\/04\/IMG-20260419-WA0111-768x576.jpg 768w, https:\/\/ssg-kaarst.de\/wp-content\/uploads\/2026\/04\/IMG-20260419-WA0111-1536x1152.jpg 1536w, https:\/\/ssg-kaarst.de\/wp-content\/uploads\/2026\/04\/IMG-20260419-WA0111-560x420.jpg 560w, https:\/\/ssg-kaarst.de\/wp-content\/uploads\/2026\/04\/IMG-20260419-WA0111-80x60.jpg 80w, https:\/\/ssg-kaarst.de\/wp-content\/uploads\/2026\/04\/IMG-20260419-WA0111-696x522.jpg 696w, https:\/\/ssg-kaarst.de\/wp-content\/uploads\/2026\/04\/IMG-20260419-WA0111-1068x801.jpg 1068w, https:\/\/ssg-kaarst.de\/wp-content\/uploads\/2026\/04\/IMG-20260419-WA0111-265x198.jpg 265w, https:\/\/ssg-kaarst.de\/wp-content\/uploads\/2026\/04\/IMG-20260419-WA0111.jpg 2048w\" sizes=\"auto, (max-width: 300px) 100vw, 300px\" \/><\/p>\n","protected":false},"excerpt":{"rendered":"<p>Le Roi est mort, vive le roi! Dies ist das allj\u00e4hrliche Motto des Vogelschie\u00dfens der Scheiben Sch\u00fctzen Gesellschaft. Am 18.04.2026 trafen sich unsere Mitglieder nebst Frauen und Kindern am Hoferhof, um unsere neuen K\u00f6nige durch den Vogelschuss zu ermitteln. Trotz des eher bescheidenen Wetters an diesem Samstag, war das Schie\u00dfen gut besucht und der Verein [&hellip;]<\/p>\n","protected":false},"author":5,"featured_media":17874,"comment_status":"closed","ping_status":"closed","sticky":false,"template":"","format":"standard","meta":{"ngg_post_thumbnail":0,"footnotes":""},"categories":[4],"tags":[],"class_list":{"0":"post-17865","1":"post","2":"type-post","3":"status-publish","4":"format-standard","5":"has-post-thumbnail","7":"category-news"},"yoast_head":"<!-- This site is optimized with the Yoast SEO plugin v27.4 - https:\/\/yoast.com\/product\/yoast-seo-wordpress\/ -->\n<title>K\u00f6nigsvogelschie\u00dfen 2026 der Scheiben-Sch\u00fctzen-Gesellschaft | Scheiben Sch\u00fctzen Gesellschaft Kaarst 1962 e.V.<\/title>\n<meta name=\"robots\" content=\"index, follow, max-snippet:-1, max-image-preview:large, max-video-preview:-1\" \/>\n<link rel=\"canonical\" href=\"https:\/\/ssg-kaarst.de\/index.php\/2026\/04\/27\/vogelschiessen-der-scheiben-schuetzen-gesellschaft-kaarst-1962-e-v\/\" \/>\n<meta property=\"og:locale\" content=\"de_DE\" \/>\n<meta property=\"og:type\" content=\"article\" \/>\n<meta property=\"og:title\" content=\"K\u00f6nigsvogelschie\u00dfen 2026 der Scheiben-Sch\u00fctzen-Gesellschaft | Scheiben Sch\u00fctzen Gesellschaft Kaarst 1962 e.V.\" \/>\n<meta property=\"og:description\" content=\"Le Roi est mort, vive le roi! Dies ist das allj\u00e4hrliche Motto des Vogelschie\u00dfens der Scheiben Sch\u00fctzen Gesellschaft. Am 18.04.2026 trafen sich unsere Mitglieder nebst Frauen und Kindern am Hoferhof, um unsere neuen K\u00f6nige durch den Vogelschuss zu ermitteln. Trotz des eher bescheidenen Wetters an diesem Samstag, war das Schie\u00dfen gut besucht und der Verein [&hellip;]\" \/>\n<meta property=\"og:url\" content=\"https:\/\/ssg-kaarst.de\/index.php\/2026\/04\/27\/vogelschiessen-der-scheiben-schuetzen-gesellschaft-kaarst-1962-e-v\/\" \/>\n<meta property=\"og:site_name\" content=\"Scheiben Sch\u00fctzen Gesellschaft Kaarst 1962 e.V.\" \/>\n<meta property=\"article:published_time\" content=\"2026-04-27T05:20:48+00:00\" \/>\n<meta property=\"article:modified_time\" content=\"2026-04-27T10:18:51+00:00\" \/>\n<meta property=\"og:image\" content=\"https:\/\/ssg-kaarst.de\/wp-content\/uploads\/2026\/04\/IMG-20260419-WA0100.jpg\" \/>\n\t<meta property=\"og:image:width\" content=\"2048\" \/>\n\t<meta property=\"og:image:height\" content=\"1366\" \/>\n\t<meta property=\"og:image:type\" content=\"image\/jpeg\" \/>\n<meta name=\"author\" content=\"Dominik\" \/>\n<meta name=\"twitter:card\" content=\"summary_large_image\" \/>\n<meta name=\"twitter:label1\" content=\"Verfasst von\" \/>\n\t<meta name=\"twitter:data1\" content=\"Dominik\" \/>\n\t<meta name=\"twitter:label2\" content=\"Gesch\u00e4tzte Lesezeit\" \/>\n\t<meta name=\"twitter:data2\" content=\"7\u00a0Minuten\" \/>\n<script type=\"application\/ld+json\" class=\"yoast-schema-graph\">{\"@context\":\"https:\\\/\\\/schema.org\",\"@graph\":[{\"@type\":\"Article\",\"@id\":\"https:\\\/\\\/ssg-kaarst.de\\\/index.php\\\/2026\\\/04\\\/27\\\/vogelschiessen-der-scheiben-schuetzen-gesellschaft-kaarst-1962-e-v\\\/#article\",\"isPartOf\":{\"@id\":\"https:\\\/\\\/ssg-kaarst.de\\\/index.php\\\/2026\\\/04\\\/27\\\/vogelschiessen-der-scheiben-schuetzen-gesellschaft-kaarst-1962-e-v\\\/\"},\"author\":{\"name\":\"Dominik\",\"@id\":\"https:\\\/\\\/ssg-kaarst.de\\\/#\\\/schema\\\/person\\\/e673d7a05895160b3ad439c1f0626fe5\"},\"headline\":\"K\u00f6nigsvogelschie\u00dfen 2026 der Scheiben-Sch\u00fctzen-Gesellschaft\",\"datePublished\":\"2026-04-27T05:20:48+00:00\",\"dateModified\":\"2026-04-27T10:18:51+00:00\",\"mainEntityOfPage\":{\"@id\":\"https:\\\/\\\/ssg-kaarst.de\\\/index.php\\\/2026\\\/04\\\/27\\\/vogelschiessen-der-scheiben-schuetzen-gesellschaft-kaarst-1962-e-v\\\/\"},\"wordCount\":923,\"publisher\":{\"@id\":\"https:\\\/\\\/ssg-kaarst.de\\\/#organization\"},\"image\":{\"@id\":\"https:\\\/\\\/ssg-kaarst.de\\\/index.php\\\/2026\\\/04\\\/27\\\/vogelschiessen-der-scheiben-schuetzen-gesellschaft-kaarst-1962-e-v\\\/#primaryimage\"},\"thumbnailUrl\":\"https:\\\/\\\/ssg-kaarst.de\\\/wp-content\\\/uploads\\\/2026\\\/04\\\/IMG-20260419-WA0100.jpg\",\"articleSection\":[\"News\"],\"inLanguage\":\"de\"},{\"@type\":\"WebPage\",\"@id\":\"https:\\\/\\\/ssg-kaarst.de\\\/index.php\\\/2026\\\/04\\\/27\\\/vogelschiessen-der-scheiben-schuetzen-gesellschaft-kaarst-1962-e-v\\\/\",\"url\":\"https:\\\/\\\/ssg-kaarst.de\\\/index.php\\\/2026\\\/04\\\/27\\\/vogelschiessen-der-scheiben-schuetzen-gesellschaft-kaarst-1962-e-v\\\/\",\"name\":\"K\u00f6nigsvogelschie\u00dfen 2026 der Scheiben-Sch\u00fctzen-Gesellschaft | Scheiben Sch\u00fctzen Gesellschaft Kaarst 1962 e.V.\",\"isPartOf\":{\"@id\":\"https:\\\/\\\/ssg-kaarst.de\\\/#website\"},\"primaryImageOfPage\":{\"@id\":\"https:\\\/\\\/ssg-kaarst.de\\\/index.php\\\/2026\\\/04\\\/27\\\/vogelschiessen-der-scheiben-schuetzen-gesellschaft-kaarst-1962-e-v\\\/#primaryimage\"},\"image\":{\"@id\":\"https:\\\/\\\/ssg-kaarst.de\\\/index.php\\\/2026\\\/04\\\/27\\\/vogelschiessen-der-scheiben-schuetzen-gesellschaft-kaarst-1962-e-v\\\/#primaryimage\"},\"thumbnailUrl\":\"https:\\\/\\\/ssg-kaarst.de\\\/wp-content\\\/uploads\\\/2026\\\/04\\\/IMG-20260419-WA0100.jpg\",\"datePublished\":\"2026-04-27T05:20:48+00:00\",\"dateModified\":\"2026-04-27T10:18:51+00:00\",\"breadcrumb\":{\"@id\":\"https:\\\/\\\/ssg-kaarst.de\\\/index.php\\\/2026\\\/04\\\/27\\\/vogelschiessen-der-scheiben-schuetzen-gesellschaft-kaarst-1962-e-v\\\/#breadcrumb\"},\"inLanguage\":\"de\",\"potentialAction\":[{\"@type\":\"ReadAction\",\"target\":[\"https:\\\/\\\/ssg-kaarst.de\\\/index.php\\\/2026\\\/04\\\/27\\\/vogelschiessen-der-scheiben-schuetzen-gesellschaft-kaarst-1962-e-v\\\/\"]}]},{\"@type\":\"ImageObject\",\"inLanguage\":\"de\",\"@id\":\"https:\\\/\\\/ssg-kaarst.de\\\/index.php\\\/2026\\\/04\\\/27\\\/vogelschiessen-der-scheiben-schuetzen-gesellschaft-kaarst-1962-e-v\\\/#primaryimage\",\"url\":\"https:\\\/\\\/ssg-kaarst.de\\\/wp-content\\\/uploads\\\/2026\\\/04\\\/IMG-20260419-WA0100.jpg\",\"contentUrl\":\"https:\\\/\\\/ssg-kaarst.de\\\/wp-content\\\/uploads\\\/2026\\\/04\\\/IMG-20260419-WA0100.jpg\",\"width\":2048,\"height\":1366},{\"@type\":\"BreadcrumbList\",\"@id\":\"https:\\\/\\\/ssg-kaarst.de\\\/index.php\\\/2026\\\/04\\\/27\\\/vogelschiessen-der-scheiben-schuetzen-gesellschaft-kaarst-1962-e-v\\\/#breadcrumb\",\"itemListElement\":[{\"@type\":\"ListItem\",\"position\":1,\"name\":\"Startseite\",\"item\":\"https:\\\/\\\/ssg-kaarst.de\\\/\"},{\"@type\":\"ListItem\",\"position\":2,\"name\":\"K\u00f6nigsvogelschie\u00dfen 2026 der Scheiben-Sch\u00fctzen-Gesellschaft\"}]},{\"@type\":\"WebSite\",\"@id\":\"https:\\\/\\\/ssg-kaarst.de\\\/#website\",\"url\":\"https:\\\/\\\/ssg-kaarst.de\\\/\",\"name\":\"Scheiben Sch\u00fctzen Gesellschaft Kaarst 1962 e.V.\",\"description\":\"Offizielle Website der Gesellschaft\",\"publisher\":{\"@id\":\"https:\\\/\\\/ssg-kaarst.de\\\/#organization\"},\"potentialAction\":[{\"@type\":\"SearchAction\",\"target\":{\"@type\":\"EntryPoint\",\"urlTemplate\":\"https:\\\/\\\/ssg-kaarst.de\\\/?s={search_term_string}\"},\"query-input\":{\"@type\":\"PropertyValueSpecification\",\"valueRequired\":true,\"valueName\":\"search_term_string\"}}],\"inLanguage\":\"de\"},{\"@type\":\"Organization\",\"@id\":\"https:\\\/\\\/ssg-kaarst.de\\\/#organization\",\"name\":\"Scheiben Sch\u00fctzen Gesellschaft Kaarst 1962 e.V.\",\"url\":\"https:\\\/\\\/ssg-kaarst.de\\\/\",\"logo\":{\"@type\":\"ImageObject\",\"inLanguage\":\"de\",\"@id\":\"https:\\\/\\\/ssg-kaarst.de\\\/#\\\/schema\\\/logo\\\/image\\\/\",\"url\":\"https:\\\/\\\/ssg-kaarst.de\\\/wp-content\\\/uploads\\\/2017\\\/01\\\/SSG-Logo-Kopi1500e-1.jpg\",\"contentUrl\":\"https:\\\/\\\/ssg-kaarst.de\\\/wp-content\\\/uploads\\\/2017\\\/01\\\/SSG-Logo-Kopi1500e-1.jpg\",\"width\":1499,\"height\":1402,\"caption\":\"Scheiben Sch\u00fctzen Gesellschaft Kaarst 1962 e.V.\"},\"image\":{\"@id\":\"https:\\\/\\\/ssg-kaarst.de\\\/#\\\/schema\\\/logo\\\/image\\\/\"}},{\"@type\":\"Person\",\"@id\":\"https:\\\/\\\/ssg-kaarst.de\\\/#\\\/schema\\\/person\\\/e673d7a05895160b3ad439c1f0626fe5\",\"name\":\"Dominik\",\"image\":{\"@type\":\"ImageObject\",\"inLanguage\":\"de\",\"@id\":\"https:\\\/\\\/secure.gravatar.com\\\/avatar\\\/86ae69dc2573c550e4ac33d2b4116720bf5360ad797150dae56a1353fb28cfd3?s=96&d=mm&r=g\",\"url\":\"https:\\\/\\\/secure.gravatar.com\\\/avatar\\\/86ae69dc2573c550e4ac33d2b4116720bf5360ad797150dae56a1353fb28cfd3?s=96&d=mm&r=g\",\"contentUrl\":\"https:\\\/\\\/secure.gravatar.com\\\/avatar\\\/86ae69dc2573c550e4ac33d2b4116720bf5360ad797150dae56a1353fb28cfd3?s=96&d=mm&r=g\",\"caption\":\"Dominik\"}}]}<\/script>\n<!-- \/ Yoast SEO plugin. -->","yoast_head_json":{"title":"K\u00f6nigsvogelschie\u00dfen 2026 der Scheiben-Sch\u00fctzen-Gesellschaft | Scheiben Sch\u00fctzen Gesellschaft Kaarst 1962 e.V.","robots":{"index":"index","follow":"follow","max-snippet":"max-snippet:-1","max-image-preview":"max-image-preview:large","max-video-preview":"max-video-preview:-1"},"canonical":"https:\/\/ssg-kaarst.de\/index.php\/2026\/04\/27\/vogelschiessen-der-scheiben-schuetzen-gesellschaft-kaarst-1962-e-v\/","og_locale":"de_DE","og_type":"article","og_title":"K\u00f6nigsvogelschie\u00dfen 2026 der Scheiben-Sch\u00fctzen-Gesellschaft | Scheiben Sch\u00fctzen Gesellschaft Kaarst 1962 e.V.","og_description":"Le Roi est mort, vive le roi! Dies ist das allj\u00e4hrliche Motto des Vogelschie\u00dfens der Scheiben Sch\u00fctzen Gesellschaft. Am 18.04.2026 trafen sich unsere Mitglieder nebst Frauen und Kindern am Hoferhof, um unsere neuen K\u00f6nige durch den Vogelschuss zu ermitteln. Trotz des eher bescheidenen Wetters an diesem Samstag, war das Schie\u00dfen gut besucht und der Verein [&hellip;]","og_url":"https:\/\/ssg-kaarst.de\/index.php\/2026\/04\/27\/vogelschiessen-der-scheiben-schuetzen-gesellschaft-kaarst-1962-e-v\/","og_site_name":"Scheiben Sch\u00fctzen Gesellschaft Kaarst 1962 e.V.","article_published_time":"2026-04-27T05:20:48+00:00","article_modified_time":"2026-04-27T10:18:51+00:00","og_image":[{"width":2048,"height":1366,"url":"https:\/\/ssg-kaarst.de\/wp-content\/uploads\/2026\/04\/IMG-20260419-WA0100.jpg","type":"image\/jpeg"}],"author":"Dominik","twitter_card":"summary_large_image","twitter_misc":{"Verfasst von":"Dominik","Gesch\u00e4tzte Lesezeit":"7\u00a0Minuten"},"schema":{"@context":"https:\/\/schema.org","@graph":[{"@type":"Article","@id":"https:\/\/ssg-kaarst.de\/index.php\/2026\/04\/27\/vogelschiessen-der-scheiben-schuetzen-gesellschaft-kaarst-1962-e-v\/#article","isPartOf":{"@id":"https:\/\/ssg-kaarst.de\/index.php\/2026\/04\/27\/vogelschiessen-der-scheiben-schuetzen-gesellschaft-kaarst-1962-e-v\/"},"author":{"name":"Dominik","@id":"https:\/\/ssg-kaarst.de\/#\/schema\/person\/e673d7a05895160b3ad439c1f0626fe5"},"headline":"K\u00f6nigsvogelschie\u00dfen 2026 der Scheiben-Sch\u00fctzen-Gesellschaft","datePublished":"2026-04-27T05:20:48+00:00","dateModified":"2026-04-27T10:18:51+00:00","mainEntityOfPage":{"@id":"https:\/\/ssg-kaarst.de\/index.php\/2026\/04\/27\/vogelschiessen-der-scheiben-schuetzen-gesellschaft-kaarst-1962-e-v\/"},"wordCount":923,"publisher":{"@id":"https:\/\/ssg-kaarst.de\/#organization"},"image":{"@id":"https:\/\/ssg-kaarst.de\/index.php\/2026\/04\/27\/vogelschiessen-der-scheiben-schuetzen-gesellschaft-kaarst-1962-e-v\/#primaryimage"},"thumbnailUrl":"https:\/\/ssg-kaarst.de\/wp-content\/uploads\/2026\/04\/IMG-20260419-WA0100.jpg","articleSection":["News"],"inLanguage":"de"},{"@type":"WebPage","@id":"https:\/\/ssg-kaarst.de\/index.php\/2026\/04\/27\/vogelschiessen-der-scheiben-schuetzen-gesellschaft-kaarst-1962-e-v\/","url":"https:\/\/ssg-kaarst.de\/index.php\/2026\/04\/27\/vogelschiessen-der-scheiben-schuetzen-gesellschaft-kaarst-1962-e-v\/","name":"K\u00f6nigsvogelschie\u00dfen 2026 der Scheiben-Sch\u00fctzen-Gesellschaft | Scheiben Sch\u00fctzen Gesellschaft Kaarst 1962 e.V.","isPartOf":{"@id":"https:\/\/ssg-kaarst.de\/#website"},"primaryImageOfPage":{"@id":"https:\/\/ssg-kaarst.de\/index.php\/2026\/04\/27\/vogelschiessen-der-scheiben-schuetzen-gesellschaft-kaarst-1962-e-v\/#primaryimage"},"image":{"@id":"https:\/\/ssg-kaarst.de\/index.php\/2026\/04\/27\/vogelschiessen-der-scheiben-schuetzen-gesellschaft-kaarst-1962-e-v\/#primaryimage"},"thumbnailUrl":"https:\/\/ssg-kaarst.de\/wp-content\/uploads\/2026\/04\/IMG-20260419-WA0100.jpg","datePublished":"2026-04-27T05:20:48+00:00","dateModified":"2026-04-27T10:18:51+00:00","breadcrumb":{"@id":"https:\/\/ssg-kaarst.de\/index.php\/2026\/04\/27\/vogelschiessen-der-scheiben-schuetzen-gesellschaft-kaarst-1962-e-v\/#breadcrumb"},"inLanguage":"de","potentialAction":[{"@type":"ReadAction","target":["https:\/\/ssg-kaarst.de\/index.php\/2026\/04\/27\/vogelschiessen-der-scheiben-schuetzen-gesellschaft-kaarst-1962-e-v\/"]}]},{"@type":"ImageObject","inLanguage":"de","@id":"https:\/\/ssg-kaarst.de\/index.php\/2026\/04\/27\/vogelschiessen-der-scheiben-schuetzen-gesellschaft-kaarst-1962-e-v\/#primaryimage","url":"https:\/\/ssg-kaarst.de\/wp-content\/uploads\/2026\/04\/IMG-20260419-WA0100.jpg","contentUrl":"https:\/\/ssg-kaarst.de\/wp-content\/uploads\/2026\/04\/IMG-20260419-WA0100.jpg","width":2048,"height":1366},{"@type":"BreadcrumbList","@id":"https:\/\/ssg-kaarst.de\/index.php\/2026\/04\/27\/vogelschiessen-der-scheiben-schuetzen-gesellschaft-kaarst-1962-e-v\/#breadcrumb","itemListElement":[{"@type":"ListItem","position":1,"name":"Startseite","item":"https:\/\/ssg-kaarst.de\/"},{"@type":"ListItem","position":2,"name":"K\u00f6nigsvogelschie\u00dfen 2026 der Scheiben-Sch\u00fctzen-Gesellschaft"}]},{"@type":"WebSite","@id":"https:\/\/ssg-kaarst.de\/#website","url":"https:\/\/ssg-kaarst.de\/","name":"Scheiben Sch\u00fctzen Gesellschaft Kaarst 1962 e.V.","description":"Offizielle Website der Gesellschaft","publisher":{"@id":"https:\/\/ssg-kaarst.de\/#organization"},"potentialAction":[{"@type":"SearchAction","target":{"@type":"EntryPoint","urlTemplate":"https:\/\/ssg-kaarst.de\/?s={search_term_string}"},"query-input":{"@type":"PropertyValueSpecification","valueRequired":true,"valueName":"search_term_string"}}],"inLanguage":"de"},{"@type":"Organization","@id":"https:\/\/ssg-kaarst.de\/#organization","name":"Scheiben Sch\u00fctzen Gesellschaft Kaarst 1962 e.V.","url":"https:\/\/ssg-kaarst.de\/","logo":{"@type":"ImageObject","inLanguage":"de","@id":"https:\/\/ssg-kaarst.de\/#\/schema\/logo\/image\/","url":"https:\/\/ssg-kaarst.de\/wp-content\/uploads\/2017\/01\/SSG-Logo-Kopi1500e-1.jpg","contentUrl":"https:\/\/ssg-kaarst.de\/wp-content\/uploads\/2017\/01\/SSG-Logo-Kopi1500e-1.jpg","width":1499,"height":1402,"caption":"Scheiben Sch\u00fctzen Gesellschaft Kaarst 1962 e.V."},"image":{"@id":"https:\/\/ssg-kaarst.de\/#\/schema\/logo\/image\/"}},{"@type":"Person","@id":"https:\/\/ssg-kaarst.de\/#\/schema\/person\/e673d7a05895160b3ad439c1f0626fe5","name":"Dominik","image":{"@type":"ImageObject","inLanguage":"de","@id":"https:\/\/secure.gravatar.com\/avatar\/86ae69dc2573c550e4ac33d2b4116720bf5360ad797150dae56a1353fb28cfd3?s=96&d=mm&r=g","url":"https:\/\/secure.gravatar.com\/avatar\/86ae69dc2573c550e4ac33d2b4116720bf5360ad797150dae56a1353fb28cfd3?s=96&d=mm&r=g","contentUrl":"https:\/\/secure.gravatar.com\/avatar\/86ae69dc2573c550e4ac33d2b4116720bf5360ad797150dae56a1353fb28cfd3?s=96&d=mm&r=g","caption":"Dominik"}}]}},"_links":{"self":[{"href":"https:\/\/ssg-kaarst.de\/index.php\/wp-json\/wp\/v2\/posts\/17865","targetHints":{"allow":["GET"]}}],"collection":[{"href":"https:\/\/ssg-kaarst.de\/index.php\/wp-json\/wp\/v2\/posts"}],"about":[{"href":"https:\/\/ssg-kaarst.de\/index.php\/wp-json\/wp\/v2\/types\/post"}],"author":[{"embeddable":true,"href":"https:\/\/ssg-kaarst.de\/index.php\/wp-json\/wp\/v2\/users\/5"}],"replies":[{"embeddable":true,"href":"https:\/\/ssg-kaarst.de\/index.php\/wp-json\/wp\/v2\/comments?post=17865"}],"version-history":[{"count":4,"href":"https:\/\/ssg-kaarst.de\/index.php\/wp-json\/wp\/v2\/posts\/17865\/revisions"}],"predecessor-version":[{"id":17890,"href":"https:\/\/ssg-kaarst.de\/index.php\/wp-json\/wp\/v2\/posts\/17865\/revisions\/17890"}],"wp:featuredmedia":[{"embeddable":true,"href":"https:\/\/ssg-kaarst.de\/index.php\/wp-json\/wp\/v2\/media\/17874"}],"wp:attachment":[{"href":"https:\/\/ssg-kaarst.de\/index.php\/wp-json\/wp\/v2\/media?parent=17865"}],"wp:term":[{"taxonomy":"category","embeddable":true,"href":"https:\/\/ssg-kaarst.de\/index.php\/wp-json\/wp\/v2\/categories?post=17865"},{"taxonomy":"post_tag","embeddable":true,"href":"https:\/\/ssg-kaarst.de\/index.php\/wp-json\/wp\/v2\/tags?post=17865"}],"curies":[{"name":"wp","href":"https:\/\/api.w.org\/{rel}","templated":true}]}}