{"id":17662,"date":"2025-01-05T12:04:07","date_gmt":"2025-01-05T11:04:07","guid":{"rendered":"https:\/\/ssg-kaarst.de\/?p=17662"},"modified":"2025-01-05T12:04:07","modified_gmt":"2025-01-05T11:04:07","slug":"neujahrsgruss-2025","status":"publish","type":"post","link":"https:\/\/ssg-kaarst.de\/index.php\/2025\/01\/05\/neujahrsgruss-2025\/","title":{"rendered":"Neujahrsgru\u00df 2025"},"content":{"rendered":"<p>Liebe Scheibensch\u00fctzen, Jungscheibensch\u00fctzen und Tellsch\u00fctzen,<br \/>\nwir blicken auf ein Jahr zur\u00fcck, das uns allen einmal mehr gezeigt hat, wie turbulent und unvorhersehbar die Welt sein kann. Es hat uns auch gezeigt, dass Dinge wie Bildung, Frieden und Gesundheit eben nicht selbstverst\u00e4ndlich sind.<br \/>\nInmitten all der Herausforderungen und Ver\u00e4nderungen d\u00fcrfen wir aber auch dankbar sein f\u00fcr das, was uns verbindet: unsere Gemeinschaft, unsere Traditionen und unser Zusammenhalt.<br \/>\nLasst uns das neue Jahr gemeinsam mit Dankbarkeit und Hoffnung begr\u00fc\u00dfen und unseren Beitrag zu einer besseren Zukunft leisten.<br \/>\nDas Vogelschie\u00dfen am 20. April 2024 wird uns allen in Erinnerung bleiben, nach nur 49 Schuss wurde S.M. Denis I. K\u00f6nig der Scheibensch\u00fctzen. An seiner Seite strahlen K\u00f6nigin Bernadette und die Minister Andreas Grella mit Jutta und Carsten Rothe mit seiner Sabine. Euer K\u00f6nigsjahr war gepr\u00e4gt von Herzlichkeit und einer unvergleichbaren Gastfreundschaft. Ihr habt uns mit allen Sinnen verw\u00f6hnt, der Gaumen, die Augen und es gab was auf die Ohren, bei TripAdvisor w\u00fcrde es nur 5 Sterne Bewertungen geben!<br \/>\nBesonders stolz sind wir auf unseren Jungsch\u00fctzenk\u00f6nig Felix Rothe, begleitet von seinen Ministern Finn R\u00fctter und Philipp Grella. Wie bereits 2023 als Jungsch\u00fctzenk\u00f6nig der Bruderschaft, gl\u00e4nzte dieses K\u00f6nigshaus auch 2024. Es macht Freude zu sehen, wie unsere Jungsch\u00fctzen unseren Verein derart professionell vertreten.<br \/>\nHerzlichen Gl\u00fcckwunsch auch an Ben Breitenauer, der mit 50 Schuss neuer Tellsch\u00fctzenk\u00f6nig wurde, unterst\u00fctzt von Lukas Bannert und Ben Kleinert als Minister.<br \/>\nLeider sollte es das letzte Jahr sein, in dem wir um den Theo Boeckels Pokal wettstreiten, nach 80 Schuss durfte ich den Pokal in den H\u00e4nden halten. Danke lieber Theo f\u00fcr Deine langj\u00e4hrige Unterst\u00fctzung und f\u00fcr diesen Pokal.<br \/>\nEin besonderer Dank gilt allen Mitgliedern, die mit ihrem Engagement und ihrer Leidenschaft unseren Verein zu dem machen, was er ist;<br \/>\nEin lebendiger, traditionsreicher und best\u00e4ndiger famili\u00e4rer Sch\u00fctzenverein!<\/p>\n<p>M\u00f6ge auch 2025 von Gemeinschaft, Freundschaft und Erfolg gepr\u00e4gt sein. Auf ein Jahr voller sch\u00f6ner Momente, gemeinsamer Feste und dem starken Zusammenhalt unserer Sch\u00fctzenfamilie!<br \/>\nEin besonderes Dankesch\u00f6n geht an unsere Frauen! Auf den Stra\u00dfen marschieren wir und lassen uns feiern. Dahinter stehen unsere lieben Frauen und sorgen daf\u00fcr, dass wir gl\u00e4nzen. Das ist nicht selbstverst\u00e4ndlich und deshalb sagen wir DANKE!<br \/>\nDer diesj\u00e4hrige Abschluss war ein weiterer H\u00f6hepunkt im Jahr 2024, unser Winterfest! Unser traumhaftes K\u00f6nigspaar mit seinen Ministern sowie die mit Feierlaune gesegnete Jungsch\u00fctzenabteilung trugen zu einem unvergesslichen Fest bei. Bis in die Morgenstunden feierten wir in k\u00f6niglicher Atmosph\u00e4re und die sichtlich gut gelaunten K\u00f6nigsh\u00e4user haben den Abend in vollen Z\u00fcgen genossen. Herzlichsten Dank an Nathalie &#038; Tim und Sebastian &#038; Janina f\u00fcr einen grandiosen Abend!<br \/>\nAn dieser Stelle m\u00f6chte ich mich auch herzlich bei meinen Vorstandsfreunden bedanken! Jeder von Euch tr\u00e4gt dazu bei, diesen Verein strahlen zu lasse und zu funktionieren. Es ist die Summe der Kr\u00e4fte die dazu f\u00fchrt, dass ein Verein stabil und zuverl\u00e4ssig ist und bleibt- DANKE!<\/p>\n<p>Ich freue mich auf die anstehenden Termine und Veranstaltungen mit Euch und blicke mit Freude auf das kommende Jahr.<br \/>\n&#8230;in diesem Sinne gr\u00fc\u00dft Euch mit einem dreifach \u201eGut Schuss\u201c<br \/>\nBernd Espeter<\/p>\n","protected":false},"excerpt":{"rendered":"<p>Liebe Scheibensch\u00fctzen, Jungscheibensch\u00fctzen und Tellsch\u00fctzen, wir blicken auf ein Jahr zur\u00fcck, das uns allen einmal mehr gezeigt hat, wie turbulent und unvorhersehbar die Welt sein kann. Es hat uns auch gezeigt, dass Dinge wie Bildung, Frieden und Gesundheit eben nicht selbstverst\u00e4ndlich sind. Inmitten all der Herausforderungen und Ver\u00e4nderungen d\u00fcrfen wir aber auch dankbar sein f\u00fcr [&hellip;]<\/p>\n","protected":false},"author":1,"featured_media":17663,"comment_status":"closed","ping_status":"closed","sticky":false,"template":"","format":"standard","meta":{"ngg_post_thumbnail":0,"footnotes":""},"categories":[4],"tags":[],"class_list":{"0":"post-17662","1":"post","2":"type-post","3":"status-publish","4":"format-standard","5":"has-post-thumbnail","7":"category-news"},"yoast_head":"<!-- This site is optimized with the Yoast SEO plugin v27.4 - https:\/\/yoast.com\/product\/yoast-seo-wordpress\/ -->\n<title>Neujahrsgru\u00df 2025 | Scheiben Sch\u00fctzen Gesellschaft Kaarst 1962 e.V.<\/title>\n<meta name=\"robots\" content=\"index, follow, max-snippet:-1, max-image-preview:large, max-video-preview:-1\" \/>\n<link rel=\"canonical\" href=\"https:\/\/ssg-kaarst.de\/index.php\/2025\/01\/05\/neujahrsgruss-2025\/\" \/>\n<meta property=\"og:locale\" content=\"de_DE\" \/>\n<meta property=\"og:type\" content=\"article\" \/>\n<meta property=\"og:title\" content=\"Neujahrsgru\u00df 2025 | Scheiben Sch\u00fctzen Gesellschaft Kaarst 1962 e.V.\" \/>\n<meta property=\"og:description\" content=\"Liebe Scheibensch\u00fctzen, Jungscheibensch\u00fctzen und Tellsch\u00fctzen, wir blicken auf ein Jahr zur\u00fcck, das uns allen einmal mehr gezeigt hat, wie turbulent und unvorhersehbar die Welt sein kann. Es hat uns auch gezeigt, dass Dinge wie Bildung, Frieden und Gesundheit eben nicht selbstverst\u00e4ndlich sind. Inmitten all der Herausforderungen und Ver\u00e4nderungen d\u00fcrfen wir aber auch dankbar sein f\u00fcr [&hellip;]\" \/>\n<meta property=\"og:url\" content=\"https:\/\/ssg-kaarst.de\/index.php\/2025\/01\/05\/neujahrsgruss-2025\/\" \/>\n<meta property=\"og:site_name\" content=\"Scheiben Sch\u00fctzen Gesellschaft Kaarst 1962 e.V.\" \/>\n<meta property=\"article:published_time\" content=\"2025-01-05T11:04:07+00:00\" \/>\n<meta property=\"og:image\" content=\"https:\/\/ssg-kaarst.de\/wp-content\/uploads\/2025\/01\/IMG_5802_HGJESSE-e1736075040491.jpg\" \/>\n\t<meta property=\"og:image:width\" content=\"1365\" \/>\n\t<meta property=\"og:image:height\" content=\"1157\" \/>\n\t<meta property=\"og:image:type\" content=\"image\/jpeg\" \/>\n<meta name=\"author\" content=\"admin\" \/>\n<meta name=\"twitter:card\" content=\"summary_large_image\" \/>\n<meta name=\"twitter:label1\" content=\"Verfasst von\" \/>\n\t<meta name=\"twitter:data1\" content=\"admin\" \/>\n\t<meta name=\"twitter:label2\" content=\"Gesch\u00e4tzte Lesezeit\" \/>\n\t<meta name=\"twitter:data2\" content=\"3\u00a0Minuten\" \/>\n<script type=\"application\/ld+json\" class=\"yoast-schema-graph\">{\"@context\":\"https:\\\/\\\/schema.org\",\"@graph\":[{\"@type\":\"Article\",\"@id\":\"https:\\\/\\\/ssg-kaarst.de\\\/index.php\\\/2025\\\/01\\\/05\\\/neujahrsgruss-2025\\\/#article\",\"isPartOf\":{\"@id\":\"https:\\\/\\\/ssg-kaarst.de\\\/index.php\\\/2025\\\/01\\\/05\\\/neujahrsgruss-2025\\\/\"},\"author\":{\"name\":\"admin\",\"@id\":\"https:\\\/\\\/ssg-kaarst.de\\\/#\\\/schema\\\/person\\\/12aa5e5d969f36e76814df478c9380ff\"},\"headline\":\"Neujahrsgru\u00df 2025\",\"datePublished\":\"2025-01-05T11:04:07+00:00\",\"mainEntityOfPage\":{\"@id\":\"https:\\\/\\\/ssg-kaarst.de\\\/index.php\\\/2025\\\/01\\\/05\\\/neujahrsgruss-2025\\\/\"},\"wordCount\":549,\"publisher\":{\"@id\":\"https:\\\/\\\/ssg-kaarst.de\\\/#organization\"},\"image\":{\"@id\":\"https:\\\/\\\/ssg-kaarst.de\\\/index.php\\\/2025\\\/01\\\/05\\\/neujahrsgruss-2025\\\/#primaryimage\"},\"thumbnailUrl\":\"https:\\\/\\\/ssg-kaarst.de\\\/wp-content\\\/uploads\\\/2025\\\/01\\\/IMG_5802_HGJESSE-e1736075040491.jpg\",\"articleSection\":[\"News\"],\"inLanguage\":\"de\"},{\"@type\":\"WebPage\",\"@id\":\"https:\\\/\\\/ssg-kaarst.de\\\/index.php\\\/2025\\\/01\\\/05\\\/neujahrsgruss-2025\\\/\",\"url\":\"https:\\\/\\\/ssg-kaarst.de\\\/index.php\\\/2025\\\/01\\\/05\\\/neujahrsgruss-2025\\\/\",\"name\":\"Neujahrsgru\u00df 2025 | Scheiben Sch\u00fctzen Gesellschaft Kaarst 1962 e.V.\",\"isPartOf\":{\"@id\":\"https:\\\/\\\/ssg-kaarst.de\\\/#website\"},\"primaryImageOfPage\":{\"@id\":\"https:\\\/\\\/ssg-kaarst.de\\\/index.php\\\/2025\\\/01\\\/05\\\/neujahrsgruss-2025\\\/#primaryimage\"},\"image\":{\"@id\":\"https:\\\/\\\/ssg-kaarst.de\\\/index.php\\\/2025\\\/01\\\/05\\\/neujahrsgruss-2025\\\/#primaryimage\"},\"thumbnailUrl\":\"https:\\\/\\\/ssg-kaarst.de\\\/wp-content\\\/uploads\\\/2025\\\/01\\\/IMG_5802_HGJESSE-e1736075040491.jpg\",\"datePublished\":\"2025-01-05T11:04:07+00:00\",\"breadcrumb\":{\"@id\":\"https:\\\/\\\/ssg-kaarst.de\\\/index.php\\\/2025\\\/01\\\/05\\\/neujahrsgruss-2025\\\/#breadcrumb\"},\"inLanguage\":\"de\",\"potentialAction\":[{\"@type\":\"ReadAction\",\"target\":[\"https:\\\/\\\/ssg-kaarst.de\\\/index.php\\\/2025\\\/01\\\/05\\\/neujahrsgruss-2025\\\/\"]}]},{\"@type\":\"ImageObject\",\"inLanguage\":\"de\",\"@id\":\"https:\\\/\\\/ssg-kaarst.de\\\/index.php\\\/2025\\\/01\\\/05\\\/neujahrsgruss-2025\\\/#primaryimage\",\"url\":\"https:\\\/\\\/ssg-kaarst.de\\\/wp-content\\\/uploads\\\/2025\\\/01\\\/IMG_5802_HGJESSE-e1736075040491.jpg\",\"contentUrl\":\"https:\\\/\\\/ssg-kaarst.de\\\/wp-content\\\/uploads\\\/2025\\\/01\\\/IMG_5802_HGJESSE-e1736075040491.jpg\",\"width\":1365,\"height\":1157},{\"@type\":\"BreadcrumbList\",\"@id\":\"https:\\\/\\\/ssg-kaarst.de\\\/index.php\\\/2025\\\/01\\\/05\\\/neujahrsgruss-2025\\\/#breadcrumb\",\"itemListElement\":[{\"@type\":\"ListItem\",\"position\":1,\"name\":\"Startseite\",\"item\":\"https:\\\/\\\/ssg-kaarst.de\\\/\"},{\"@type\":\"ListItem\",\"position\":2,\"name\":\"Neujahrsgru\u00df 2025\"}]},{\"@type\":\"WebSite\",\"@id\":\"https:\\\/\\\/ssg-kaarst.de\\\/#website\",\"url\":\"https:\\\/\\\/ssg-kaarst.de\\\/\",\"name\":\"Scheiben Sch\u00fctzen Gesellschaft Kaarst 1962 e.V.\",\"description\":\"Offizielle Website der Gesellschaft\",\"publisher\":{\"@id\":\"https:\\\/\\\/ssg-kaarst.de\\\/#organization\"},\"potentialAction\":[{\"@type\":\"SearchAction\",\"target\":{\"@type\":\"EntryPoint\",\"urlTemplate\":\"https:\\\/\\\/ssg-kaarst.de\\\/?s={search_term_string}\"},\"query-input\":{\"@type\":\"PropertyValueSpecification\",\"valueRequired\":true,\"valueName\":\"search_term_string\"}}],\"inLanguage\":\"de\"},{\"@type\":\"Organization\",\"@id\":\"https:\\\/\\\/ssg-kaarst.de\\\/#organization\",\"name\":\"Scheiben Sch\u00fctzen Gesellschaft Kaarst 1962 e.V.\",\"url\":\"https:\\\/\\\/ssg-kaarst.de\\\/\",\"logo\":{\"@type\":\"ImageObject\",\"inLanguage\":\"de\",\"@id\":\"https:\\\/\\\/ssg-kaarst.de\\\/#\\\/schema\\\/logo\\\/image\\\/\",\"url\":\"https:\\\/\\\/ssg-kaarst.de\\\/wp-content\\\/uploads\\\/2017\\\/01\\\/SSG-Logo-Kopi1500e-1.jpg\",\"contentUrl\":\"https:\\\/\\\/ssg-kaarst.de\\\/wp-content\\\/uploads\\\/2017\\\/01\\\/SSG-Logo-Kopi1500e-1.jpg\",\"width\":1499,\"height\":1402,\"caption\":\"Scheiben Sch\u00fctzen Gesellschaft Kaarst 1962 e.V.\"},\"image\":{\"@id\":\"https:\\\/\\\/ssg-kaarst.de\\\/#\\\/schema\\\/logo\\\/image\\\/\"}},{\"@type\":\"Person\",\"@id\":\"https:\\\/\\\/ssg-kaarst.de\\\/#\\\/schema\\\/person\\\/12aa5e5d969f36e76814df478c9380ff\",\"name\":\"admin\",\"image\":{\"@type\":\"ImageObject\",\"inLanguage\":\"de\",\"@id\":\"https:\\\/\\\/secure.gravatar.com\\\/avatar\\\/c3c4faf0b0b3103af2680c7cf0cf0c02c2ca0ead2cea7d8e9e0fdcbbc290aabe?s=96&d=mm&r=g\",\"url\":\"https:\\\/\\\/secure.gravatar.com\\\/avatar\\\/c3c4faf0b0b3103af2680c7cf0cf0c02c2ca0ead2cea7d8e9e0fdcbbc290aabe?s=96&d=mm&r=g\",\"contentUrl\":\"https:\\\/\\\/secure.gravatar.com\\\/avatar\\\/c3c4faf0b0b3103af2680c7cf0cf0c02c2ca0ead2cea7d8e9e0fdcbbc290aabe?s=96&d=mm&r=g\",\"caption\":\"admin\"}}]}<\/script>\n<!-- \/ Yoast SEO plugin. -->","yoast_head_json":{"title":"Neujahrsgru\u00df 2025 | Scheiben Sch\u00fctzen Gesellschaft Kaarst 1962 e.V.","robots":{"index":"index","follow":"follow","max-snippet":"max-snippet:-1","max-image-preview":"max-image-preview:large","max-video-preview":"max-video-preview:-1"},"canonical":"https:\/\/ssg-kaarst.de\/index.php\/2025\/01\/05\/neujahrsgruss-2025\/","og_locale":"de_DE","og_type":"article","og_title":"Neujahrsgru\u00df 2025 | Scheiben Sch\u00fctzen Gesellschaft Kaarst 1962 e.V.","og_description":"Liebe Scheibensch\u00fctzen, Jungscheibensch\u00fctzen und Tellsch\u00fctzen, wir blicken auf ein Jahr zur\u00fcck, das uns allen einmal mehr gezeigt hat, wie turbulent und unvorhersehbar die Welt sein kann. Es hat uns auch gezeigt, dass Dinge wie Bildung, Frieden und Gesundheit eben nicht selbstverst\u00e4ndlich sind. Inmitten all der Herausforderungen und Ver\u00e4nderungen d\u00fcrfen wir aber auch dankbar sein f\u00fcr [&hellip;]","og_url":"https:\/\/ssg-kaarst.de\/index.php\/2025\/01\/05\/neujahrsgruss-2025\/","og_site_name":"Scheiben Sch\u00fctzen Gesellschaft Kaarst 1962 e.V.","article_published_time":"2025-01-05T11:04:07+00:00","og_image":[{"width":1365,"height":1157,"url":"https:\/\/ssg-kaarst.de\/wp-content\/uploads\/2025\/01\/IMG_5802_HGJESSE-e1736075040491.jpg","type":"image\/jpeg"}],"author":"admin","twitter_card":"summary_large_image","twitter_misc":{"Verfasst von":"admin","Gesch\u00e4tzte Lesezeit":"3\u00a0Minuten"},"schema":{"@context":"https:\/\/schema.org","@graph":[{"@type":"Article","@id":"https:\/\/ssg-kaarst.de\/index.php\/2025\/01\/05\/neujahrsgruss-2025\/#article","isPartOf":{"@id":"https:\/\/ssg-kaarst.de\/index.php\/2025\/01\/05\/neujahrsgruss-2025\/"},"author":{"name":"admin","@id":"https:\/\/ssg-kaarst.de\/#\/schema\/person\/12aa5e5d969f36e76814df478c9380ff"},"headline":"Neujahrsgru\u00df 2025","datePublished":"2025-01-05T11:04:07+00:00","mainEntityOfPage":{"@id":"https:\/\/ssg-kaarst.de\/index.php\/2025\/01\/05\/neujahrsgruss-2025\/"},"wordCount":549,"publisher":{"@id":"https:\/\/ssg-kaarst.de\/#organization"},"image":{"@id":"https:\/\/ssg-kaarst.de\/index.php\/2025\/01\/05\/neujahrsgruss-2025\/#primaryimage"},"thumbnailUrl":"https:\/\/ssg-kaarst.de\/wp-content\/uploads\/2025\/01\/IMG_5802_HGJESSE-e1736075040491.jpg","articleSection":["News"],"inLanguage":"de"},{"@type":"WebPage","@id":"https:\/\/ssg-kaarst.de\/index.php\/2025\/01\/05\/neujahrsgruss-2025\/","url":"https:\/\/ssg-kaarst.de\/index.php\/2025\/01\/05\/neujahrsgruss-2025\/","name":"Neujahrsgru\u00df 2025 | Scheiben Sch\u00fctzen Gesellschaft Kaarst 1962 e.V.","isPartOf":{"@id":"https:\/\/ssg-kaarst.de\/#website"},"primaryImageOfPage":{"@id":"https:\/\/ssg-kaarst.de\/index.php\/2025\/01\/05\/neujahrsgruss-2025\/#primaryimage"},"image":{"@id":"https:\/\/ssg-kaarst.de\/index.php\/2025\/01\/05\/neujahrsgruss-2025\/#primaryimage"},"thumbnailUrl":"https:\/\/ssg-kaarst.de\/wp-content\/uploads\/2025\/01\/IMG_5802_HGJESSE-e1736075040491.jpg","datePublished":"2025-01-05T11:04:07+00:00","breadcrumb":{"@id":"https:\/\/ssg-kaarst.de\/index.php\/2025\/01\/05\/neujahrsgruss-2025\/#breadcrumb"},"inLanguage":"de","potentialAction":[{"@type":"ReadAction","target":["https:\/\/ssg-kaarst.de\/index.php\/2025\/01\/05\/neujahrsgruss-2025\/"]}]},{"@type":"ImageObject","inLanguage":"de","@id":"https:\/\/ssg-kaarst.de\/index.php\/2025\/01\/05\/neujahrsgruss-2025\/#primaryimage","url":"https:\/\/ssg-kaarst.de\/wp-content\/uploads\/2025\/01\/IMG_5802_HGJESSE-e1736075040491.jpg","contentUrl":"https:\/\/ssg-kaarst.de\/wp-content\/uploads\/2025\/01\/IMG_5802_HGJESSE-e1736075040491.jpg","width":1365,"height":1157},{"@type":"BreadcrumbList","@id":"https:\/\/ssg-kaarst.de\/index.php\/2025\/01\/05\/neujahrsgruss-2025\/#breadcrumb","itemListElement":[{"@type":"ListItem","position":1,"name":"Startseite","item":"https:\/\/ssg-kaarst.de\/"},{"@type":"ListItem","position":2,"name":"Neujahrsgru\u00df 2025"}]},{"@type":"WebSite","@id":"https:\/\/ssg-kaarst.de\/#website","url":"https:\/\/ssg-kaarst.de\/","name":"Scheiben Sch\u00fctzen Gesellschaft Kaarst 1962 e.V.","description":"Offizielle Website der Gesellschaft","publisher":{"@id":"https:\/\/ssg-kaarst.de\/#organization"},"potentialAction":[{"@type":"SearchAction","target":{"@type":"EntryPoint","urlTemplate":"https:\/\/ssg-kaarst.de\/?s={search_term_string}"},"query-input":{"@type":"PropertyValueSpecification","valueRequired":true,"valueName":"search_term_string"}}],"inLanguage":"de"},{"@type":"Organization","@id":"https:\/\/ssg-kaarst.de\/#organization","name":"Scheiben Sch\u00fctzen Gesellschaft Kaarst 1962 e.V.","url":"https:\/\/ssg-kaarst.de\/","logo":{"@type":"ImageObject","inLanguage":"de","@id":"https:\/\/ssg-kaarst.de\/#\/schema\/logo\/image\/","url":"https:\/\/ssg-kaarst.de\/wp-content\/uploads\/2017\/01\/SSG-Logo-Kopi1500e-1.jpg","contentUrl":"https:\/\/ssg-kaarst.de\/wp-content\/uploads\/2017\/01\/SSG-Logo-Kopi1500e-1.jpg","width":1499,"height":1402,"caption":"Scheiben Sch\u00fctzen Gesellschaft Kaarst 1962 e.V."},"image":{"@id":"https:\/\/ssg-kaarst.de\/#\/schema\/logo\/image\/"}},{"@type":"Person","@id":"https:\/\/ssg-kaarst.de\/#\/schema\/person\/12aa5e5d969f36e76814df478c9380ff","name":"admin","image":{"@type":"ImageObject","inLanguage":"de","@id":"https:\/\/secure.gravatar.com\/avatar\/c3c4faf0b0b3103af2680c7cf0cf0c02c2ca0ead2cea7d8e9e0fdcbbc290aabe?s=96&d=mm&r=g","url":"https:\/\/secure.gravatar.com\/avatar\/c3c4faf0b0b3103af2680c7cf0cf0c02c2ca0ead2cea7d8e9e0fdcbbc290aabe?s=96&d=mm&r=g","contentUrl":"https:\/\/secure.gravatar.com\/avatar\/c3c4faf0b0b3103af2680c7cf0cf0c02c2ca0ead2cea7d8e9e0fdcbbc290aabe?s=96&d=mm&r=g","caption":"admin"}}]}},"_links":{"self":[{"href":"https:\/\/ssg-kaarst.de\/index.php\/wp-json\/wp\/v2\/posts\/17662","targetHints":{"allow":["GET"]}}],"collection":[{"href":"https:\/\/ssg-kaarst.de\/index.php\/wp-json\/wp\/v2\/posts"}],"about":[{"href":"https:\/\/ssg-kaarst.de\/index.php\/wp-json\/wp\/v2\/types\/post"}],"author":[{"embeddable":true,"href":"https:\/\/ssg-kaarst.de\/index.php\/wp-json\/wp\/v2\/users\/1"}],"replies":[{"embeddable":true,"href":"https:\/\/ssg-kaarst.de\/index.php\/wp-json\/wp\/v2\/comments?post=17662"}],"version-history":[{"count":1,"href":"https:\/\/ssg-kaarst.de\/index.php\/wp-json\/wp\/v2\/posts\/17662\/revisions"}],"predecessor-version":[{"id":17664,"href":"https:\/\/ssg-kaarst.de\/index.php\/wp-json\/wp\/v2\/posts\/17662\/revisions\/17664"}],"wp:featuredmedia":[{"embeddable":true,"href":"https:\/\/ssg-kaarst.de\/index.php\/wp-json\/wp\/v2\/media\/17663"}],"wp:attachment":[{"href":"https:\/\/ssg-kaarst.de\/index.php\/wp-json\/wp\/v2\/media?parent=17662"}],"wp:term":[{"taxonomy":"category","embeddable":true,"href":"https:\/\/ssg-kaarst.de\/index.php\/wp-json\/wp\/v2\/categories?post=17662"},{"taxonomy":"post_tag","embeddable":true,"href":"https:\/\/ssg-kaarst.de\/index.php\/wp-json\/wp\/v2\/tags?post=17662"}],"curies":[{"name":"wp","href":"https:\/\/api.w.org\/{rel}","templated":true}]}}